{"id":777,"date":"2025-08-14T13:13:28","date_gmt":"2025-08-14T13:13:28","guid":{"rendered":"https:\/\/asereba-charms.de\/index.php\/2025\/08\/14\/die-kunst-der-vertikalen-garten-nachhaltige-schonheiten-fur-jeden-wohnraum\/"},"modified":"2025-08-14T13:13:35","modified_gmt":"2025-08-14T13:13:35","slug":"die-kunst-der-vertikalen-garten-nachhaltige-schonheiten-fur-jeden-wohnraum","status":"publish","type":"post","link":"https:\/\/asereba-charms.de\/index.php\/2025\/08\/14\/die-kunst-der-vertikalen-garten-nachhaltige-schonheiten-fur-jeden-wohnraum\/","title":{"rendered":"Die Kunst der vertikalen G\u00e4rten: Nachhaltige Sch\u00f6nheiten f\u00fcr jeden Wohnraum"},"content":{"rendered":"<h1>Die Kunst der vertikalen G\u00e4rten: Nachhaltige Sch\u00f6nheiten f\u00fcr jeden Wohnraum<\/h1>\n<p class=\"einleitung\">\nEntdecken Sie, wie Sie mit vertikalen G\u00e4rten Ihre W\u00e4nde zum Leben erwecken k\u00f6nnen und gleichzeitig einen Beitrag zur Nachhaltigkeit leisten. <strong>Vertikale G\u00e4rten<\/strong> bieten eine innovative L\u00f6sung f\u00fcr die Begr\u00fcnung st\u00e4dtischer Umgebungen, f\u00f6rdern die Luftqualit\u00e4t und schaffen ein einzigartiges Ambiente in Innenr\u00e4umen.\n<\/p>\n<h2>Warum vertikale G\u00e4rten w\u00e4hlen?<\/h2>\n<p>\nIn St\u00e4dten und Vororten fehlt oft der Platz f\u00fcr gro\u00dfe Gartenfl\u00e4chen. Hier bieten vertikale G\u00e4rten eine perfekte L\u00f6sung, indem sie Wandfl\u00e4chen nutzen, um Pflanzen in die Wohnbereiche zu integrieren. Neben ihrer \u00e4sthetischen Attraktivit\u00e4t tragen vertikale G\u00e4rten zur Verbesserung der Luftqualit\u00e4t und des Raumklimas bei.<\/p>\n<ul>\n<li><strong>Raum effizient nutzen:<\/strong> Sie k\u00f6nnen vertikale G\u00e4rten selbst in kleinen Wohnungen anbringen, ohne wertvollen Bodenplatz zu beanspruchen.<\/li>\n<li><strong>Verbesserung der Luftqualit\u00e4t:<\/strong> Pflanzen wirken als nat\u00fcrliche Filter, die Schadstoffe aus der Luft entfernen und den Sauerstoffgehalt erh\u00f6hen.<\/li>\n<li><strong>Thermische Isolation:<\/strong> Die Pflanzen helfen, die Temperatur im Wohnraum zu regulieren, indem sie die W\u00e4rmezirkulation beeinflussen.<\/li>\n<\/ul>\n<h2>Wie man einen vertikalen Garten anlegt<\/h2>\n<table class=\"wp-block-table\">\n<thead>\n<tr>\n<th>Schritt<\/th>\n<th>Beschreibung<\/th>\n<\/tr>\n<\/thead>\n<tbody>\n<tr>\n<td><strong>Materialauswahl<\/strong><\/td>\n<td>Verwenden Sie recyclingf\u00e4hige Materialien wie alte Holzpaletten oder Metallrahmen, um die Basis Ihres vertikalen Gartens zu gestalten.<\/td>\n<\/tr>\n<tr>\n<td><strong>Pflanzenauswahl<\/strong><\/td>\n<td>Setzen Sie auf pflegeleichte und robuste Pflanzen wie Farne, Efeu oder Sukkulenten, die wenig Pflege ben\u00f6tigen.<\/td>\n<\/tr>\n<tr>\n<td><strong>Bew\u00e4sserungssystem<\/strong><\/td>\n<td>Integrieren Sie ein einfaches Tropfbew\u00e4sserungssystem oder verwenden Sie selbstbew\u00e4ssernde T\u00f6pfe, um den Pflegeaufwand zu minimieren.<\/td>\n<\/tr>\n<\/tbody>\n<\/table>\n<h2>Vorteile von vertikalen G\u00e4rten im Innenbereich<\/h2>\n<p>Vertikale G\u00e4rten bieten zahlreiche Vorteile, die \u00fcber die blo\u00dfe \u00c4sthetik hinausgehen:<\/p>\n<ul>\n<li><strong>Psychologischer Effekt:<\/strong> Das Gr\u00fcn verbessert nachweislich die Stimmung und das Wohlbefinden, reduziert Stress und erh\u00f6ht die Produktivit\u00e4t.<\/li>\n<li><strong>Schallschutz:<\/strong> Pflanzen und die dazugeh\u00f6rigen Strukturmaterialien k\u00f6nnen als nat\u00fcrlicher Schallschlucker wirken und zur Ger\u00e4uschreduktion in gesch\u00e4ftigen Umgebungen beitragen.<\/li>\n<li><strong>Kreative L\u00f6sungen:<\/strong> Sie k\u00f6nnen Ihren vertikalen Garten als Raumtrenner in offenen Wohnfl\u00e4chen einsetzen und damit gleichzeitig Sicht- und Stauraum schaffen.<\/li>\n<\/ul>\n<h2>Beispielprojekt: Vertikaler Garten im Home-Office<\/h2>\n<ul>\n<li><strong>Standort:<\/strong> Eine gut beleuchtete Wand im Home-Office-Bereich<\/li>\n<li><strong>Pflanzenmix:<\/strong> Kombination aus Luftreinigern wie Spathiphyllum und dekorativen Bl\u00fctenpflanzen wie Anthurium<\/li>\n<li><strong>Ergebnisse:<\/strong>\n<ul>\n<li>Verbesserte Luftqualit\u00e4t und Arbeitsatmosph\u00e4re<\/li>\n<li>Steigerung der Kreativit\u00e4t und Konzentration<\/li>\n<\/ul>\n<\/li>\n<\/ul>\n<h2>DIY-Anleitung: Gestaltung eines vertikalen Kr\u00e4utergartens<\/h2>\n<div class=\"wp-block-columns\">\n<div class=\"wp-block-column\">\n<h3>4.1 Materialien<\/h3>\n<ol>\n<li>Vertikales Paneel-System oder alten Holzrahmen<\/li>\n<li>K\u00fcchenkr\u00e4uter: Basilikum, Minze, Thymian<\/li>\n<li>Erde und Kokosfasern<\/li>\n<li>Selbstbew\u00e4sserungssystem<\/li>\n<\/ol>\n<\/div>\n<div class=\"wp-block-column\">\n<h3>4.2 Schritt-f\u00fcr-Schritt<\/h3>\n<ol>\n<li>Montieren Sie das Paneel oder den Rahmen an einer geeigneten Wand.<\/li>\n<li>F\u00fcllen Sie die Pflanzenbeh\u00e4lter mit Erde und setzen Sie die Kr\u00e4uter sorgf\u00e4ltig ein.<\/li>\n<li>Richten Sie das Bew\u00e4sserungssystem ein und testen Sie den Wasserdurchfluss.<\/li>\n<li>\u00dcberwachen Sie das Wachstum und passen Sie die Pflegebed\u00fcrfnisse bei Bedarf an.<\/li>\n<\/ol>\n<p>Gesamtkosten: ca. 50 \u20ac, Zeitaufwand: ~2 Stunden<\/p>\n<\/div>\n<\/div>\n<h2>Zusammenfassung &#038; Vorteile<\/h2>\n<table class=\"wp-block-table\">\n<thead>\n<tr>\n<th>Aspekt<\/th>\n<th>Vorteile<\/th>\n<\/tr>\n<\/thead>\n<tbody>\n<tr>\n<td>\u00c4sthetik<\/td>\n<td>Kreativ und individuell \u2013 Designerw\u00e4nde mit Leben<\/td>\n<\/tr>\n<tr>\n<td>Umwelt<\/td>\n<td>F\u00f6rdert Biodiversit\u00e4t und tr\u00e4gt zur CO\u2082-Reduktion bei<\/td>\n<\/tr>\n<tr>\n<td>Pflege<\/td>\n<td>Niedrig, wenn automatisiert oder durch einfache Systeme erg\u00e4nzt<\/td>\n<\/tr>\n<tr>\n<td>Kosten<\/td>\n<td>Erschwinglich und skalierbar je nach Budget<\/td>\n<\/tr>\n<\/tbody>\n<\/table>\n<h2>Zukunftsvision: Smarte vertikale G\u00e4rten<\/h2>\n<ul>\n<li><strong>Sensor-Integration:<\/strong> Echtzeit\u00fcberwachung von Bodenfeuchtigkeit und Beleuchtung, um optimale Wachstumsbedingungen zu garantieren.<\/li>\n<li><strong>Smarte Steuerung:<\/strong> App-basierte Bew\u00e4sserungssysteme, die den Wasserverbrauch minimieren.<\/li>\n<li><strong>Adaptive Beleuchtung:<\/strong> LED-Panels, die Licht automatisch an den nat\u00fcrlichen Tageszyklus anpassen.<\/li>\n<\/ul>\n<h2>Fazit: Vertikale G\u00e4rten als gr\u00fcne Wandkunst<\/h2>\n<p>\n<strong>Vertikale G\u00e4rten<\/strong> bieten eine beeindruckende M\u00f6glichkeit, Innenr\u00e4ume zu versch\u00f6nern und Funktionalit\u00e4t, \u00c4sthetik sowie Nachhaltigkeit in Einklang zu bringen. Durch kluge Designs und moderne Technik k\u00f6nnen selbst kleinste R\u00e4ume in unverwechselbare Gr\u00fcnfl\u00e4chen verwandelt werden, die das Wohlbefinden und die Lebensqualit\u00e4t ihrer Bewohner nachhaltig steigern.<\/p>\n","protected":false},"excerpt":{"rendered":"<p>Die Kunst der vertikalen G\u00e4rten: Nachhaltige Sch\u00f6nheiten f\u00fcr jeden Wohnraum Entdecken Sie, wie Sie mit&#8230;<\/p>\n","protected":false},"author":1,"featured_media":778,"comment_status":"closed","ping_status":"open","sticky":false,"template":"","format":"standard","meta":{"footnotes":""},"categories":[44],"tags":[],"class_list":["post-777","post","type-post","status-publish","format-standard","has-post-thumbnail","hentry","category-okologie-und-energieeinsparung"],"_links":{"self":[{"href":"https:\/\/asereba-charms.de\/index.php\/wp-json\/wp\/v2\/posts\/777","targetHints":{"allow":["GET"]}}],"collection":[{"href":"https:\/\/asereba-charms.de\/index.php\/wp-json\/wp\/v2\/posts"}],"about":[{"href":"https:\/\/asereba-charms.de\/index.php\/wp-json\/wp\/v2\/types\/post"}],"author":[{"embeddable":true,"href":"https:\/\/asereba-charms.de\/index.php\/wp-json\/wp\/v2\/users\/1"}],"replies":[{"embeddable":true,"href":"https:\/\/asereba-charms.de\/index.php\/wp-json\/wp\/v2\/comments?post=777"}],"version-history":[{"count":1,"href":"https:\/\/asereba-charms.de\/index.php\/wp-json\/wp\/v2\/posts\/777\/revisions"}],"predecessor-version":[{"id":779,"href":"https:\/\/asereba-charms.de\/index.php\/wp-json\/wp\/v2\/posts\/777\/revisions\/779"}],"wp:featuredmedia":[{"embeddable":true,"href":"https:\/\/asereba-charms.de\/index.php\/wp-json\/wp\/v2\/media\/778"}],"wp:attachment":[{"href":"https:\/\/asereba-charms.de\/index.php\/wp-json\/wp\/v2\/media?parent=777"}],"wp:term":[{"taxonomy":"category","embeddable":true,"href":"https:\/\/asereba-charms.de\/index.php\/wp-json\/wp\/v2\/categories?post=777"},{"taxonomy":"post_tag","embeddable":true,"href":"https:\/\/asereba-charms.de\/index.php\/wp-json\/wp\/v2\/tags?post=777"}],"curies":[{"name":"wp","href":"https:\/\/api.w.org\/{rel}","templated":true}]}}