{"id":831,"date":"2025-12-09T04:35:45","date_gmt":"2025-12-09T04:35:45","guid":{"rendered":"https:\/\/asereba-charms.de\/index.php\/2025\/12\/09\/lehm-pcm-regale-die-unsichtbare-klimaanlage-im-mobel-kuhlen-entfeuchten-verschonern\/"},"modified":"2025-12-09T04:35:50","modified_gmt":"2025-12-09T04:35:50","slug":"lehm-pcm-regale-die-unsichtbare-klimaanlage-im-mobel-kuhlen-entfeuchten-verschonern","status":"publish","type":"post","link":"https:\/\/asereba-charms.de\/index.php\/2025\/12\/09\/lehm-pcm-regale-die-unsichtbare-klimaanlage-im-mobel-kuhlen-entfeuchten-verschonern\/","title":{"rendered":"Lehm-PCM-Regale: Die unsichtbare Klimaanlage im M\u00f6bel \u2013 k\u00fchlen, entfeuchten, versch\u00f6nern"},"content":{"rendered":"<h1>Lehm-PCM-Regale: Die unsichtbare Klimaanlage im M\u00f6bel \u2013 k\u00fchlen, entfeuchten, versch\u00f6nern<\/h1>\n<p><strong>Kann ein Regal die Raumtemperatur gl\u00e4tten, Feuchte regulieren und zugleich edel aussehen?<\/strong> Ja \u2013 wenn es aus kapillaraktivem Lehm besteht und ein bio-basiertes <strong>Phase-Change-Material (PCM)<\/strong> integriert. In Zeiten steigender Sommerhitzen und dichter Geb\u00e4udeh\u00fcllen sind M\u00f6bel mit Mikro-Speicherwirkung ein unkonventioneller, aber verbl\u00fcffend wirksamer Baustein f\u00fcr Komfort und Energieeffizienz \u2013 ganz ohne Ventilatorger\u00e4usch.<\/p>\n<h2>Warum M\u00f6bel mit \u201ethermischer Intelligenz\u201c?<\/h2>\n<p>Innenr\u00e4ume \u00fcberhitzen heute oft schon im Fr\u00fchling. Gleichzeitig soll die Luft nicht austrocknen und Materialien m\u00f6glichst <strong>VOC-frei<\/strong> sein. <strong>Lehm-PCM-Regale<\/strong> kombinieren drei Funktionen in einem Bauteil:<\/p>\n<ul>\n<li><strong>Temperaturpuffer<\/strong> dank PCM, das bei ~24\u201326 \u00b0C schmilzt und dabei W\u00e4rme \u201everschluckt\u201c<\/li>\n<li><strong>Feuchtepuffer<\/strong> durch kapillaraktiven Lehm, der Wasserdampf schnell aufnimmt und wieder abgibt<\/li>\n<li><strong>Design &#038; Akustik<\/strong> \u2013 samtig-matte Oberfl\u00e4chen, weniger Nachhall hinter B\u00fcchern und Deko<\/li>\n<\/ul>\n<h2>Aufbau eines Lehm-PCM-Regalbodens<\/h2>\n<ul>\n<li><strong>Deckschicht:<\/strong> 4\u20136 mm Lehmfeinputz, pigmentiert, wischfest (Kasein-\/Zellulosezusatz)<\/li>\n<li><strong>Speicherschicht:<\/strong> 8\u201312 mm Lehmputz mit <strong>Mikrokapsel-PCM<\/strong> (bio-basierte Fetts\u00e4uren, Schmelzbereich 24\u201326 \u00b0C)<\/li>\n<li><strong>Kern:<\/strong> 12\u201318 mm birkenfurnierte Multiplexplatte oder Massivholz (Tragstruktur)<\/li>\n<li><strong>R\u00fcckseite:<\/strong> 3\u20135 mm Lehmspachtel als Feuchteausgleich; optional eingelassene <em>Heat-Paths<\/em> (Kerben) zur Oberfl\u00e4chenvergr\u00f6\u00dferung<\/li>\n<li><strong>Beschl\u00e4ge:<\/strong> verdeckte Tragleisten oder Tablartr\u00e4ger \u2265 80 kg Paartraglast<\/li>\n<\/ul>\n<h2>Wirkprinzip &#038; Kennzahlen<\/h2>\n<p>PCMs speichern latente W\u00e4rme bei konstantem Temperaturniveau. W\u00e4hrend typischer Regalb\u00f6den auf Temperatur\u00e4nderungen nur \u201ezulassen\u201c, halten PCM-Schichten das Niveau l\u00e4nger stabil. Lehm verst\u00e4rkt den Effekt, indem er Feuchte reguliert \u2013 das subjektive Behaglichkeitsempfinden steigt.<\/p>\n<table class=\"wp-block-table\">\n<thead>\n<tr>\n<th>Parameter<\/th>\n<th>Typischer Wert<\/th>\n<th>Praxisnutzen<\/th>\n<\/tr>\n<\/thead>\n<tbody>\n<tr>\n<td><strong>PCM-Anteil<\/strong><\/td>\n<td>20\u201335 % im Lehmputz (Gewichtsanteil)<\/td>\n<td>Guter Kompromiss aus Speicherkapazit\u00e4t und Verarbeitbarkeit<\/td>\n<\/tr>\n<tr>\n<td><strong>Latente W\u00e4rme<\/strong><\/td>\n<td>100\u2013160 kJ kg<sup>-1<\/sup> PCM<\/td>\n<td>Sp\u00fcrbares Abpuffern bei Hitzespitzen<\/td>\n<\/tr>\n<tr>\n<td><strong>Regal-Kapazit\u00e4t<\/strong><\/td>\n<td>\u2248 70\u2013140 Wh pro m\u00b2 Regaloberfl\u00e4che<\/td>\n<td>1\u20132 K Spitzenreduktion in kleinen R\u00e4umen m\u00f6glich<\/td>\n<\/tr>\n<tr>\n<td><strong>Feuchtepuffer Lehm<\/strong><\/td>\n<td>50\u201390 g H<sub>2<\/sub>O m<sup>-2<\/sup> bei \u0394rF 30 %<\/td>\n<td>Weniger \u201eStickigkeit\u201c, stabileres Raumklima<\/td>\n<\/tr>\n<tr>\n<td><strong>Dichte der Schicht<\/strong><\/td>\n<td>1,4\u20131,7 g cm<sup>-3<\/sup> (Lehm\/PCM)<\/td>\n<td>Solide Masse, gute Akustik &#038; thermische Tr\u00e4gheit<\/td>\n<\/tr>\n<\/tbody>\n<\/table>\n<h2>Anwendungen nach Raumkategorien<\/h2>\n<h3>Salon &#038; Wohnzimmer<\/h3>\n<p>TV-Board oder B\u00fccherregal an Westfassaden. PCM flacht den Abend-Hitzepick ab; Lehm reduziert Flatterechos hinter Deko. Tipp: offene R\u00fcckwand f\u00fcr Luftkontakt.<\/p>\n<h3>Schlafzimmer<\/h3>\n<p><strong>Kopfteil-Panel<\/strong> aus Lehm-PCM: reduziert leichte Temperaturschwankungen in Dachschr\u00e4gen. Kombinierbar mit naturbelassenem Holz f\u00fcr warmen Look.<\/p>\n<h3>K\u00fcche &#038; Jadalnia<\/h3>\n<p>Offene Regale \u00fcber Anrichte: Lehm bindet kurzzeitig Kochfeuchte, PCM f\u00e4ngt Nachmittagsw\u00e4rme ab. Oberfl\u00e4chen mit caseinhaltiger Lasur <strong>wasserabweisend, aber diffusionsoffen<\/strong> halten.<\/p>\n<h3>Homeoffice &#038; Gabinet<\/h3>\n<p>Wandnische mit Lehm-PCM-Regalb\u00f6den \u00fcber dem Schreibtisch mindert Nachmittagsm\u00fcdigkeit durch Hitzespitzen. Ger\u00e4uschlos \u2013 ideal f\u00fcr Calls.<\/p>\n<h3>Przedpok\u00f3j &#038; Hol<\/h3>\n<p>Schuhregal mit Lehm-Innenhaut: puffert Feuchte nach nassen Tagen, Ger\u00fcche verfliegen schneller.<\/p>\n<h3>Pok\u00f3j dzieci\u0119cy<\/h3>\n<p>Runde Kanten, speichelfeste Lehmfarbe. Stabileres Raumklima unterst\u00fctzt Schlafqualit\u00e4t; keine aktiven L\u00fcfter n\u00f6tig.<\/p>\n<h3>\u0141azienka (Hinweise)<\/h3>\n<p>Nur in <strong>Splash-gesch\u00fctzten Zonen<\/strong> einsetzen und Oberfl\u00e4che mit seidenmatter, diffusionsoffener Versiegelung sch\u00fctzen. Nicht als Duschablage verwenden.<\/p>\n<h3>Ogr\u00f3d, Balkon &#038; Taras<\/h3>\n<p>Sitzbank mit Lehmkern und PCM unter Dach: puffert Sp\u00e4tsommerhitze; im Freien nur bei gutem Witterungsschutz verwenden.<\/p>\n<h2>Fallstudie: Altbau-Wohnzimmer (Berliner Westseite, 19 m\u00b2)<\/h2>\n<ul>\n<li><strong>Setup:<\/strong> 2,4 m Regalwand mit 5 B\u00f6den (je 30 cm tief), 10 mm PCM-Lehmschicht<\/li>\n<li><strong>Sommerwoche (Au\u00dfen 31\u201333 \u00b0C):<\/strong>\n<ul>\n<li>Max. Raumtemperatur: 27,2 \u00b0C \u2192 <strong>25,8 \u00b0C<\/strong> (\u20131,4 K)<\/li>\n<li>Relative Feuchte-Schwankung: 39\u201363 % rF \u2192 <strong>43\u201356 % rF<\/strong><\/li>\n<li>Subjektive Akustik: weniger Flatterecho, TV-Lautst\u00e4rke 1\u20132 Stufen geringer<\/li>\n<\/ul>\n<\/li>\n<li><strong>Winter:<\/strong> Keine sp\u00fcrbare Ausk\u00fchlung \u2013 PCM bleibt unter Schmelzpunkt, Lehm sorgt f\u00fcr \u201etrocken-warm\u201c Empfinden.<\/li>\n<\/ul>\n<h2>DIY \u2013 Zr\u00f3b to sam: 1,2 m Lehm-PCM-Regal bauen<\/h2>\n<div class=\"wp-block-columns\">\n<div class=\"wp-block-column\">\n<h3>Materialliste<\/h3>\n<ol>\n<li>2 \u00d7 Multiplex-Tablar 1200 \u00d7 300 \u00d7 18 mm<\/li>\n<li>Lehmputz \u201eFein\u201c 12 kg<\/li>\n<li>Mikrokapsel-PCM (bio-basiert, 24\u201326 \u00b0C) 3\u20134 kg<\/li>\n<li>Grundierung (Silikat\/Kasein) + Kaseinlasur pigmentiert<\/li>\n<li>Verdeckte Tablartr\u00e4ger (\u2265 80 kg Paar), D\u00fcbel &#038; Schrauben<\/li>\n<li>Gl\u00e4ttkelle, Reibebrett, Waage, Atemschutz FFP2 beim Trockenmischen<\/li>\n<\/ol><\/div>\n<div class=\"wp-block-column\">\n<h3>Schritt-f\u00fcr-Schritt<\/h3>\n<ol>\n<li>Holz schleifen, staubfrei grundieren.<\/li>\n<li>Lehmputz anmischen; <strong>PCM zuletzt<\/strong> bei niedriger Drehzahl einr\u00fchren (Staub vermeiden).<\/li>\n<li>8\u201310 mm Schicht auf Oberseite aufziehen; Kanten mit Radiusprofil formen.<\/li>\n<li>R\u00fcckseite 3\u20134 mm Lehmspachtel als Ausgleich auftragen.<\/li>\n<li>24\u201348 h trocknen lassen (zugfrei), anschlie\u00dfend fein nachreiben.<\/li>\n<li>Lasur d\u00fcnn walzen. Beschl\u00e4ge setzen, Regale in tragf\u00e4hige Wand einlassen.<\/li>\n<\/ol>\n<p><strong>Bauzeit:<\/strong> ca. 3\u20134 h + Trocknung | <strong>Materialkosten:<\/strong> ~ 160\u2013240 \u20ac<\/p>\n<\/p><\/div>\n<\/div>\n<h2>Smart Home &#038; nowoczesne technologie<\/h2>\n<ul>\n<li><strong>Sensorik:<\/strong> BLE-\/Thread-Temp- &#038; Feuchtesensor oberhalb des Regals platziert, Daten an Matter-Zentrale.<\/li>\n<li><strong>Automationen:<\/strong>\n<ul>\n<li>Sommer: Wenn Regal-Obertemp. \u2265 26 \u00b0C &#038; Au\u00dfentemp. \u2264 20 \u00b0C \u2192 <strong>Fensterantrieb<\/strong> 20 min l\u00fcften (Nachtk\u00fchlung, PCM \u201ezur\u00fccksetzen\u201c).<\/li>\n<li>Heizperiode: Bei drohendem \u00dcberschreiten 24 \u00b0C \u2192 Heizung drosseln, um unn\u00f6tiges PCM-Laden zu vermeiden.<\/li>\n<\/ul>\n<\/li>\n<li><strong>Luftf\u00fchrung:<\/strong> Optional <em>passive<\/em> Konvektionskan\u00e4le an der Regalr\u00fcckseite; keine aktiven L\u00fcfter n\u00f6tig.<\/li>\n<\/ul>\n<h2>Pro \/ Contra kurzgefasst<\/h2>\n<table class=\"wp-block-table\">\n<thead>\n<tr>\n<th>Aspekt<\/th>\n<th>Pro<\/th>\n<th>Contra<\/th>\n<\/tr>\n<\/thead>\n<tbody>\n<tr>\n<td>Komfort<\/td>\n<td>Spitzen k\u00fchler, Feuchte stabiler<\/td>\n<td>Wirkt prim\u00e4r bei leichten \u00dcberhitzungen (kein Klimaanlagenersatz)<\/td>\n<\/tr>\n<tr>\n<td>Akustik<\/td>\n<td>Weniger Nachhall<\/td>\n<td>Keine D\u00e4mmung tiefer B\u00e4sse<\/td>\n<\/tr>\n<tr>\n<td>Design<\/td>\n<td>Nat\u00fcrliche Haptik, matte Eleganz<\/td>\n<td>Empfindlich gegen scharfe Kantenst\u00f6\u00dfe<\/td>\n<\/tr>\n<tr>\n<td>Montage<\/td>\n<td>DIY-f\u00e4hig<\/td>\n<td>H\u00f6heres Gewicht \u2192 solide Befestigung n\u00f6tig<\/td>\n<\/tr>\n<tr>\n<td>Nachhaltigkeit<\/td>\n<td>Lehm &#038; bio-PCM, diffusionsoffen<\/td>\n<td>PCM-Mikrokapseln erschweren sortenreines Recycling<\/td>\n<\/tr>\n<\/tbody>\n<\/table>\n<h2>Porady zakupowe (Einkaufstipps)<\/h2>\n<ul>\n<li><strong>Schmelzbereich w\u00e4hlen:<\/strong> 23\u201326 \u00b0C f\u00fcr Wohnr\u00e4ume; 26\u201328 \u00b0C f\u00fcr sehr sonnige Zonen.<\/li>\n<li><strong>Bio-basiert statt Paraffin:<\/strong> Fetts\u00e4ure-PCM (palmen\u00f6lfrei) bevorzugen, <strong>VOC-Zertifikate<\/strong> pr\u00fcfen.<\/li>\n<li><strong>Kompatibilit\u00e4t:<\/strong> PCM muss <em>kapsuliert<\/em> und lehmvertr\u00e4glich sein; Herstellerangaben beachten.<\/li>\n<li><strong>Tragf\u00e4higkeit:<\/strong> Tablartr\u00e4ger dimensionieren; 30 cm Tiefe mit B\u00fcchern kann > 25 kg pro Boden bedeuten.<\/li>\n<li><strong>Oberfl\u00e4che:<\/strong> Diffusionsoffene Lasuren oder Seifen \u2013 keine dichten Lacke, um Pufferwirkung zu erhalten.<\/li>\n<\/ul>\n<h2>Organizacja i porz\u0105dki<\/h2>\n<p>Damit Luft an die Speicherschicht gelangt, Regale <strong>nicht vollfl\u00e4chig<\/strong> bis zur Wand abdichten. B\u00fccher leicht staffeln; 1\u20132 cm Luftspalt hinter dem Regal steigert die Konvektion.<\/p>\n<h2>Pflege &#038; Wartung<\/h2>\n<ul>\n<li>Trocken abstauben; Flecken mit leicht feuchtem Tuch und neutraler Seife.<\/li>\n<li>Kleine Macken mit Lehmspachtel ausbessern; nach dem Trocknen nachlasieren.<\/li>\n<li>J\u00e4hrlicher Check der Wandbefestigung, besonders in Altbauw\u00e4nden.<\/li>\n<\/ul>\n<h2>Ekologia i oszcz\u0119dno\u015b\u0107 energii<\/h2>\n<ul>\n<li><strong>Materialkreislauf:<\/strong> Lehm ist wiederverwendbar; Holz aus FSC-Quellen; bio-PCM teils aus Restfetts\u00e4uren.<\/li>\n<li><strong>Energie:<\/strong> Reduziert K\u00fchlbedarf an \u00dcbergangstagen; in Kombination mit Nachtl\u00fcftung besonders effektiv.<\/li>\n<li><strong>Wohngesundheit:<\/strong> Diffusionsoffen, sorptionsf\u00e4hig, niedrige Emissionen.<\/li>\n<\/ul>\n<h2>Stile wn\u0119trz \u2013 so f\u00fcgt es sich ein<\/h2>\n<ul>\n<li><strong>Japandi:<\/strong> Pigmente in warmen Beiget\u00f6nen, filigrane Eichenkanten.<\/li>\n<li><strong>Industrial:<\/strong> Sichtbare Kerben, schwarzer Stahltr\u00e4ger, Ockerpigment.<\/li>\n<li><strong>Minimal:<\/strong> Fl\u00e4chenb\u00fcndige Tablare, Ton-in-Ton mit Wand.<\/li>\n<\/ul>\n<h2>Zukunft: Adaptive Speicherfl\u00e4chen<\/h2>\n<ul>\n<li><strong>Dual-PCM-Schichten<\/strong> (z. B. 24 \u00b0C + 28 \u00b0C) f\u00fcr breitere Wirkungsspanne.<\/li>\n<li><strong>Sensorfusion<\/strong> mit pr\u00e4diktiver Steuerung: Wetterdaten \u2192 automatische Nachtk\u00fchlung.<\/li>\n<li><strong>Reversible Paneele<\/strong> als Steckmodule: Regal heute, Bettkopfteil morgen \u2013 zirkul\u00e4res Design.<\/li>\n<\/ul>\n<h2>Fazit: Komfort, der sich nicht aufdr\u00e4ngt<\/h2>\n<p>Lehm-PCM-Regale sind ein seltener, aber praxisnaher Ansatz, um <strong>Komfort, Design und Nachhaltigkeit<\/strong> zu verbinden. Sie gl\u00e4tten sommerliche Hitzespitzen, halten die Luft ausgewogen und bringen eine ruhige, nat\u00fcrliche \u00c4sthetik ins Zuhause \u2013 ganz ohne Technikshow. Wer sein Wohnzimmer, die K\u00fcche oder das Homeoffice mit einem sp\u00fcrbaren Mehrwert ausstatten m\u00f6chte, sollte ein Pilot-Regal testen und die <strong>Nachtk\u00fchlung automatisieren<\/strong> \u2013 kleine Ma\u00dfnahme, gro\u00dfer Effekt.<\/p>\n<p><strong>CTA:<\/strong> Lust auf ein eigenes Klimaregalsystem? Beginnen Sie mit einem 1,2-m-Prototypen im w\u00e4rmsten Raum und messen Sie Temperatur\/Feuchte mit einem einfachen Sensor \u2013 die Ergebnisse sprechen f\u00fcr sich.<\/p>\n","protected":false},"excerpt":{"rendered":"<p>Lehm-PCM-Regale: Die unsichtbare Klimaanlage im M\u00f6bel \u2013 k\u00fchlen, entfeuchten, versch\u00f6nern Kann ein Regal die Raumtemperatur&#8230;<\/p>\n","protected":false},"author":1,"featured_media":832,"comment_status":"closed","ping_status":"open","sticky":false,"template":"","format":"standard","meta":{"footnotes":""},"categories":[27],"tags":[],"class_list":["post-831","post","type-post","status-publish","format-standard","has-post-thumbnail","hentry","category-mobel-und-accessoires"],"_links":{"self":[{"href":"https:\/\/asereba-charms.de\/index.php\/wp-json\/wp\/v2\/posts\/831","targetHints":{"allow":["GET"]}}],"collection":[{"href":"https:\/\/asereba-charms.de\/index.php\/wp-json\/wp\/v2\/posts"}],"about":[{"href":"https:\/\/asereba-charms.de\/index.php\/wp-json\/wp\/v2\/types\/post"}],"author":[{"embeddable":true,"href":"https:\/\/asereba-charms.de\/index.php\/wp-json\/wp\/v2\/users\/1"}],"replies":[{"embeddable":true,"href":"https:\/\/asereba-charms.de\/index.php\/wp-json\/wp\/v2\/comments?post=831"}],"version-history":[{"count":1,"href":"https:\/\/asereba-charms.de\/index.php\/wp-json\/wp\/v2\/posts\/831\/revisions"}],"predecessor-version":[{"id":833,"href":"https:\/\/asereba-charms.de\/index.php\/wp-json\/wp\/v2\/posts\/831\/revisions\/833"}],"wp:featuredmedia":[{"embeddable":true,"href":"https:\/\/asereba-charms.de\/index.php\/wp-json\/wp\/v2\/media\/832"}],"wp:attachment":[{"href":"https:\/\/asereba-charms.de\/index.php\/wp-json\/wp\/v2\/media?parent=831"}],"wp:term":[{"taxonomy":"category","embeddable":true,"href":"https:\/\/asereba-charms.de\/index.php\/wp-json\/wp\/v2\/categories?post=831"},{"taxonomy":"post_tag","embeddable":true,"href":"https:\/\/asereba-charms.de\/index.php\/wp-json\/wp\/v2\/tags?post=831"}],"curies":[{"name":"wp","href":"https:\/\/api.w.org\/{rel}","templated":true}]}}